{"id":626,"date":"2011-06-07T14:47:29","date_gmt":"2011-06-07T12:47:29","guid":{"rendered":"http:\/\/www.bycoconuts.fr\/?p=626"},"modified":"2011-06-07T17:52:19","modified_gmt":"2011-06-07T15:52:19","slug":"30-day-photographie-challenge","status":"publish","type":"post","link":"http:\/\/www.bycoconuts.fr\/?p=626","title":{"rendered":"30 Day Photography Challenge"},"content":{"rendered":"<p style=\"text-align: center;\"><img loading=\"lazy\" decoding=\"async\" class=\"alignnone size-full wp-image-628\" title=\"30-Day-Button\" src=\"http:\/\/www.bycoconuts.fr\/wp-content\/uploads\/2011\/06\/30-Day-Button.png\" alt=\"\" width=\"125\" height=\"125\" \/><\/p>\n<p style=\"text-align: justify;\">Vous avez peut-\u00eatre vu fleurir ce challenge, un peu partout sur le net depuis le 1er juin ?!?? Non ? Alors en 2 mots, il s&#8217;agit de faire une photo par jour suivant <a href=\"http:\/\/whitepeachphoto.com\/2011\/05\/25\/photography_challenge\/\" target=\"_blank\">cette liste<\/a>.<\/p>\n<p style=\"text-align: justify;\">J&#8217;ai d\u00e9cid\u00e9 d&#8217;en \u00eatre moi aussi. Malheureusement, je suis l\u00e9g\u00e8rement \u00e0 la bourre pour cause de w-end prolong\u00e9. Alors, ce n&#8217;est pas une, ni deux jours de challenge que je vous propose, mais quatre d&#8217;un coup !  \ud83d\ude00<\/p>\n<p style=\"text-align: justify;\"><span style=\"font-size: small;\"><strong>#1 &#8211; Self-Portrait.<\/strong><\/span><\/p>\n<p style=\"text-align: justify;\">Premi\u00e8re difficult\u00e9, j&#8217;ai du mal \u00e0 me regarder en photo&#8230; je ne me trouve absolument pas photog\u00e9nique !   \ud83d\ude2f Mais bon, je joue le jeu tout de m\u00eame <span style=\"font-size: x-small;\">(ou presque )<\/span>. Hum, j&#8217;aurais peut-\u00eatre pu faire un sourire ?!!?<\/p>\n<p style=\"text-align: center;\"><a href=\"http:\/\/www.bycoconuts.fr\/wp-content\/uploads\/2011\/06\/dpc1.jpg\"><img loading=\"lazy\" decoding=\"async\" class=\"size-thumbnail wp-image-629 aligncenter\" title=\"dpc1\" src=\"http:\/\/www.bycoconuts.fr\/wp-content\/uploads\/2011\/06\/dpc1-450x450.jpg\" alt=\"\" width=\"450\" height=\"450\" srcset=\"http:\/\/www.bycoconuts.fr\/wp-content\/uploads\/2011\/06\/dpc1-450x450.jpg 450w, http:\/\/www.bycoconuts.fr\/wp-content\/uploads\/2011\/06\/dpc1-600x600.jpg 600w, http:\/\/www.bycoconuts.fr\/wp-content\/uploads\/2011\/06\/dpc1-150x150.jpg 150w, http:\/\/www.bycoconuts.fr\/wp-content\/uploads\/2011\/06\/dpc1-400x400.jpg 400w, http:\/\/www.bycoconuts.fr\/wp-content\/uploads\/2011\/06\/dpc1.jpg 650w\" sizes=\"auto, (max-width: 450px) 100vw, 450px\" \/><\/a><\/p>\n<p style=\"text-align: justify;\"><strong>#2 &#8211; Ce que je porte aujourd&#8217;hui.<\/strong><\/p>\n<p style=\"text-align: justify;\">Petite explication : en fait, c&#8217;est ce que je porte absolument tous les jours&#8230; et ceci, depuis pratiquement 14 ans.<\/p>\n<p style=\"text-align: center;\"><a href=\"http:\/\/www.bycoconuts.fr\/wp-content\/uploads\/2011\/06\/dpc2.jpg\"><img loading=\"lazy\" decoding=\"async\" class=\"size-thumbnail wp-image-631 aligncenter\" title=\"dpc2\" src=\"http:\/\/www.bycoconuts.fr\/wp-content\/uploads\/2011\/06\/dpc2-450x450.jpg\" alt=\"\" width=\"450\" height=\"450\" srcset=\"http:\/\/www.bycoconuts.fr\/wp-content\/uploads\/2011\/06\/dpc2-450x450.jpg 450w, http:\/\/www.bycoconuts.fr\/wp-content\/uploads\/2011\/06\/dpc2-600x600.jpg 600w, http:\/\/www.bycoconuts.fr\/wp-content\/uploads\/2011\/06\/dpc2-150x150.jpg 150w, http:\/\/www.bycoconuts.fr\/wp-content\/uploads\/2011\/06\/dpc2-400x400.jpg 400w, http:\/\/www.bycoconuts.fr\/wp-content\/uploads\/2011\/06\/dpc2.jpg 650w\" sizes=\"auto, (max-width: 450px) 100vw, 450px\" \/><\/a><\/p>\n<p style=\"text-align: justify;\"><strong>#3 &#8211; Nuages.<\/strong><\/p>\n<p style=\"text-align: justify;\">Je n&#8217;ai pas pu m&#8217;emp\u00eacher de prendre \u00e9galement en photo mon sapin &#8220;\u00e9normissime&#8221;. Il doit d\u00e9passer les 8-9 m\u00e8tres de haut.  \ud83d\ude00<\/p>\n<p style=\"text-align: center;\"><a href=\"http:\/\/www.bycoconuts.fr\/wp-content\/uploads\/2011\/06\/dpc3.jpg\"><img loading=\"lazy\" decoding=\"async\" class=\"size-thumbnail wp-image-630 aligncenter\" title=\"dpc3\" src=\"http:\/\/www.bycoconuts.fr\/wp-content\/uploads\/2011\/06\/dpc3-450x450.jpg\" alt=\"\" width=\"450\" height=\"450\" srcset=\"http:\/\/www.bycoconuts.fr\/wp-content\/uploads\/2011\/06\/dpc3-450x450.jpg 450w, http:\/\/www.bycoconuts.fr\/wp-content\/uploads\/2011\/06\/dpc3-600x600.jpg 600w, http:\/\/www.bycoconuts.fr\/wp-content\/uploads\/2011\/06\/dpc3-150x150.jpg 150w, http:\/\/www.bycoconuts.fr\/wp-content\/uploads\/2011\/06\/dpc3-400x400.jpg 400w, http:\/\/www.bycoconuts.fr\/wp-content\/uploads\/2011\/06\/dpc3.jpg 650w\" sizes=\"auto, (max-width: 450px) 100vw, 450px\" \/><\/a><\/p>\n<p style=\"text-align: justify;\"><strong>#4 &#8211; Quelque chose de vert.<\/strong><\/p>\n<p style=\"text-align: justify;\">Alors l\u00e0, impossible de manquer l&#8217;occasion de prendre en photo ma petite fiert\u00e9. Il s&#8217;agit tout b\u00eatement des premi\u00e8res tomates du potager. Et oui, j&#8217;en suis fi\u00e8re !\u00a0  \ud83d\ude06<\/p>\n<p style=\"text-align: center;\"><a href=\"http:\/\/www.bycoconuts.fr\/wp-content\/uploads\/2011\/06\/dpc4.jpg\"><img loading=\"lazy\" decoding=\"async\" class=\"size-thumbnail wp-image-632 aligncenter\" title=\"dpc4\" src=\"http:\/\/www.bycoconuts.fr\/wp-content\/uploads\/2011\/06\/dpc4-450x450.jpg\" alt=\"\" width=\"450\" height=\"450\" srcset=\"http:\/\/www.bycoconuts.fr\/wp-content\/uploads\/2011\/06\/dpc4-450x450.jpg 450w, http:\/\/www.bycoconuts.fr\/wp-content\/uploads\/2011\/06\/dpc4-600x600.jpg 600w, http:\/\/www.bycoconuts.fr\/wp-content\/uploads\/2011\/06\/dpc4-150x150.jpg 150w, http:\/\/www.bycoconuts.fr\/wp-content\/uploads\/2011\/06\/dpc4-400x400.jpg 400w, http:\/\/www.bycoconuts.fr\/wp-content\/uploads\/2011\/06\/dpc4.jpg 650w\" sizes=\"auto, (max-width: 450px) 100vw, 450px\" \/><\/a><\/p>\n<p style=\"text-align: justify;\">Alors si ce challenge vous tente \u00e9galement, n&#8217;h\u00e9sitez pas \u00e0 laisser un petit mot que je puisse admirer vos photos.<\/p>\n<p style=\"text-align: justify;\">Bises.<br \/>\n <img loading=\"lazy\" decoding=\"async\" class=\"alignnone size-full wp-image-22\" src=\"http:\/\/www.bycoconuts.fr\/wp-content\/uploads\/2011\/02\/signaturen.jpg\" alt=\"\" width=\"100\" height=\"36\" \/><\/p>\n<!-- PHP 5.x -->","protected":false},"excerpt":{"rendered":"<p style=\"text-align: center;\">\n<p style=\"text-align: justify;\">Vous avez peut-\u00eatre vu fleurir ce challenge, un peu partout sur le net depuis le 1er juin ?!?? Non ? Alors en 2 mots, il s&#8217;agit de faire une photo par jour suivant cette liste.<\/p>\n<p style=\"text-align: justify;\">J&#8217;ai d\u00e9cid\u00e9 d&#8217;en \u00eatre moi aussi. Malheureusement, je suis l\u00e9g\u00e8rement \u00e0 la bourre [&#8230;]<\/p>\n","protected":false},"author":1,"featured_media":0,"comment_status":"open","ping_status":"open","sticky":false,"template":"","format":"standard","meta":{"_s2mail":"yes","footnotes":""},"categories":[5],"tags":[58],"class_list":["post-626","post","type-post","status-publish","format-standard","hentry","category-envie-de-vous-dire","tag-30-dpc","odd"],"_links":{"self":[{"href":"http:\/\/www.bycoconuts.fr\/index.php?rest_route=\/wp\/v2\/posts\/626","targetHints":{"allow":["GET"]}}],"collection":[{"href":"http:\/\/www.bycoconuts.fr\/index.php?rest_route=\/wp\/v2\/posts"}],"about":[{"href":"http:\/\/www.bycoconuts.fr\/index.php?rest_route=\/wp\/v2\/types\/post"}],"author":[{"embeddable":true,"href":"http:\/\/www.bycoconuts.fr\/index.php?rest_route=\/wp\/v2\/users\/1"}],"replies":[{"embeddable":true,"href":"http:\/\/www.bycoconuts.fr\/index.php?rest_route=%2Fwp%2Fv2%2Fcomments&post=626"}],"version-history":[{"count":15,"href":"http:\/\/www.bycoconuts.fr\/index.php?rest_route=\/wp\/v2\/posts\/626\/revisions"}],"predecessor-version":[{"id":645,"href":"http:\/\/www.bycoconuts.fr\/index.php?rest_route=\/wp\/v2\/posts\/626\/revisions\/645"}],"wp:attachment":[{"href":"http:\/\/www.bycoconuts.fr\/index.php?rest_route=%2Fwp%2Fv2%2Fmedia&parent=626"}],"wp:term":[{"taxonomy":"category","embeddable":true,"href":"http:\/\/www.bycoconuts.fr\/index.php?rest_route=%2Fwp%2Fv2%2Fcategories&post=626"},{"taxonomy":"post_tag","embeddable":true,"href":"http:\/\/www.bycoconuts.fr\/index.php?rest_route=%2Fwp%2Fv2%2Ftags&post=626"}],"curies":[{"name":"wp","href":"https:\/\/api.w.org\/{rel}","templated":true}]}}