{"id":1323,"date":"2013-03-05T06:56:13","date_gmt":"2013-03-05T05:56:13","guid":{"rendered":"http:\/\/www.bycoconuts.fr\/?p=1323"},"modified":"2013-03-10T19:27:20","modified_gmt":"2013-03-10T18:27:20","slug":"la-petite-veste","status":"publish","type":"post","link":"http:\/\/www.bycoconuts.fr\/?p=1323","title":{"rendered":"La petite veste."},"content":{"rendered":"<p><img loading=\"lazy\" decoding=\"async\" class=\"alignnone size-full wp-image-1324 aligncenter\" alt=\"v_dior\" src=\"http:\/\/www.bycoconuts.fr\/wp-content\/uploads\/2013\/03\/v_dior.jpg\" width=\"450\" height=\"450\" srcset=\"http:\/\/www.bycoconuts.fr\/wp-content\/uploads\/2013\/03\/v_dior.jpg 450w, http:\/\/www.bycoconuts.fr\/wp-content\/uploads\/2013\/03\/v_dior-150x150.jpg 150w, http:\/\/www.bycoconuts.fr\/wp-content\/uploads\/2013\/03\/v_dior-400x400.jpg 400w\" sizes=\"auto, (max-width: 450px) 100vw, 450px\" \/><\/p>\n<p style=\"text-align: justify;\">Dans ma garde-robe r\u00e9side un\u00a0incontournable du printemps nomm\u00e9\u00a0:<\/p>\n<p style=\"text-align: center;\"><strong>La petite veste.\u00a0\u00a0<\/strong><\/p>\n<p style=\"text-align: justify;\">J&#8217;avais <del>tr\u00e8s envie<\/del> besoin d&#8217;une veste courte pour aller aussi bien avec une jupe ou une robe qu&#8217;un vieux jeans. Je la souhaitais claire <span style=\"font-size: x-small;\">(blanche ou beige)<\/span> avec un tissu plus ou moins en relief. J&#8217;ai donc rompu mon pacte de ne plus mettre les pieds dans un magasin de tissu et ai trouv\u00e9 ce que je souhaitais. Mais pas question de me lancer sans un essai pr\u00e9alable <span style=\"font-size: x-small;\">(\u00e7a vous \u00e9tonne ?\u00a0 \ud83d\ude00\u00a0)<\/span>.<\/p>\n<p style=\"text-align: justify;\">Pour cet essai, j&#8217;ai tap\u00e9 dans un coton d&#8217;ameublement \u00e9pais noir et un coton fin\u00a0blanc \u00e0 pois noirs de mon stock.<\/p>\n<p style=\"text-align: justify;\">Pour le patron, j&#8217;ai longuement h\u00e9sit\u00e9 entre le mod\u00e8le Chanel et Dior. Vu les modifications apport\u00e9es, c&#8217;est le mod\u00e8le Dior qui a remport\u00e9 le match.<\/p>\n<p style=\"text-align: justify;\">Pour les modifications :<\/p>\n<ul>\n<li><span style=\"line-height: 13px;\">Les poches ne sont pas apparentes, mais prises dans la couture.<\/span><\/li>\n<li>R\u00e9duction d&#8217;une taille au niveau de la taille et des hanches.<\/li>\n<li>Le pli d&#8217;aisance a \u00e9t\u00e9 fait \u00e0 ma sauce et ne fait que 2 cm au total.<\/li>\n<li>Pas d&#8217;ajout de galons et d&#8217;\u00e9paulettes.<\/li>\n<\/ul>\n<p style=\"text-align: justify;\">Il m&#8217;aura fallu environ 25 heures pour venir \u00e0 bout de ce projet. Non pas que j&#8217;ai rencontr\u00e9 de grandes difficult\u00e9s, mais j&#8217;ai pris mon temps. J&#8217;ai appr\u00e9ci\u00e9 chaque \u00e9tape de la conception. Je me suis fait plaisir !! Et cette veste me le rend bien.<\/p>\n<p><a href=\"http:\/\/www.bycoconuts.fr\/wp-content\/uploads\/2013\/03\/v_dior1.jpg\"><img loading=\"lazy\" decoding=\"async\" class=\"size-thumbnail wp-image-1325 aligncenter\" alt=\"v_dior1\" src=\"http:\/\/www.bycoconuts.fr\/wp-content\/uploads\/2013\/03\/v_dior1-450x450.jpg\" width=\"450\" height=\"450\" srcset=\"http:\/\/www.bycoconuts.fr\/wp-content\/uploads\/2013\/03\/v_dior1-450x450.jpg 450w, http:\/\/www.bycoconuts.fr\/wp-content\/uploads\/2013\/03\/v_dior1-600x600.jpg 600w, http:\/\/www.bycoconuts.fr\/wp-content\/uploads\/2013\/03\/v_dior1-150x150.jpg 150w, http:\/\/www.bycoconuts.fr\/wp-content\/uploads\/2013\/03\/v_dior1-400x400.jpg 400w, http:\/\/www.bycoconuts.fr\/wp-content\/uploads\/2013\/03\/v_dior1.jpg 634w\" sizes=\"auto, (max-width: 450px) 100vw, 450px\" \/><\/a><\/p>\n<p style=\"text-align: center;\"><a href=\"http:\/\/www.bycoconuts.fr\/wp-content\/uploads\/2013\/03\/v_dior2.jpg\"><img loading=\"lazy\" decoding=\"async\" class=\"size-thumbnail wp-image-1326 aligncenter\" alt=\"v_dior2\" src=\"http:\/\/www.bycoconuts.fr\/wp-content\/uploads\/2013\/03\/v_dior2-450x450.jpg\" width=\"450\" height=\"450\" srcset=\"http:\/\/www.bycoconuts.fr\/wp-content\/uploads\/2013\/03\/v_dior2-450x450.jpg 450w, http:\/\/www.bycoconuts.fr\/wp-content\/uploads\/2013\/03\/v_dior2-600x600.jpg 600w, http:\/\/www.bycoconuts.fr\/wp-content\/uploads\/2013\/03\/v_dior2-150x150.jpg 150w, http:\/\/www.bycoconuts.fr\/wp-content\/uploads\/2013\/03\/v_dior2-400x400.jpg 400w, http:\/\/www.bycoconuts.fr\/wp-content\/uploads\/2013\/03\/v_dior2.jpg 634w\" sizes=\"auto, (max-width: 450px) 100vw, 450px\" \/><\/a><a href=\"http:\/\/www.bycoconuts.fr\/wp-content\/uploads\/2013\/03\/v_dior4.jpg\"><img loading=\"lazy\" decoding=\"async\" class=\"alignnone size-thumbnail wp-image-1328\" alt=\"v_dior4\" src=\"http:\/\/www.bycoconuts.fr\/wp-content\/uploads\/2013\/03\/v_dior4-237x450.jpg\" width=\"237\" height=\"450\" srcset=\"http:\/\/www.bycoconuts.fr\/wp-content\/uploads\/2013\/03\/v_dior4-237x450.jpg 237w, http:\/\/www.bycoconuts.fr\/wp-content\/uploads\/2013\/03\/v_dior4-316x600.jpg 316w, http:\/\/www.bycoconuts.fr\/wp-content\/uploads\/2013\/03\/v_dior4-79x150.jpg 79w, http:\/\/www.bycoconuts.fr\/wp-content\/uploads\/2013\/03\/v_dior4.jpg 334w\" sizes=\"auto, (max-width: 237px) 100vw, 237px\" \/><\/a> <a href=\"http:\/\/www.bycoconuts.fr\/wp-content\/uploads\/2013\/03\/v_dior3.jpg\"><img loading=\"lazy\" decoding=\"async\" class=\"alignnone size-thumbnail wp-image-1327\" alt=\"v_dior3\" src=\"http:\/\/www.bycoconuts.fr\/wp-content\/uploads\/2013\/03\/v_dior3-237x450.jpg\" width=\"237\" height=\"450\" srcset=\"http:\/\/www.bycoconuts.fr\/wp-content\/uploads\/2013\/03\/v_dior3-237x450.jpg 237w, http:\/\/www.bycoconuts.fr\/wp-content\/uploads\/2013\/03\/v_dior3-316x600.jpg 316w, http:\/\/www.bycoconuts.fr\/wp-content\/uploads\/2013\/03\/v_dior3-79x150.jpg 79w, http:\/\/www.bycoconuts.fr\/wp-content\/uploads\/2013\/03\/v_dior3.jpg 334w\" sizes=\"auto, (max-width: 237px) 100vw, 237px\" \/><\/a><br \/>\n<a href=\"http:\/\/www.bycoconuts.fr\/wp-content\/uploads\/2013\/03\/v_dior6.jpg\"><img loading=\"lazy\" decoding=\"async\" class=\"alignnone size-thumbnail wp-image-1330\" alt=\"v_dior6\" src=\"http:\/\/www.bycoconuts.fr\/wp-content\/uploads\/2013\/03\/v_dior6-237x450.jpg\" width=\"237\" height=\"450\" srcset=\"http:\/\/www.bycoconuts.fr\/wp-content\/uploads\/2013\/03\/v_dior6-237x450.jpg 237w, http:\/\/www.bycoconuts.fr\/wp-content\/uploads\/2013\/03\/v_dior6-316x600.jpg 316w, http:\/\/www.bycoconuts.fr\/wp-content\/uploads\/2013\/03\/v_dior6-79x150.jpg 79w, http:\/\/www.bycoconuts.fr\/wp-content\/uploads\/2013\/03\/v_dior6.jpg 334w\" sizes=\"auto, (max-width: 237px) 100vw, 237px\" \/><\/a>\u00a0<a href=\"http:\/\/www.bycoconuts.fr\/wp-content\/uploads\/2013\/03\/v_dior5.jpg\"><img loading=\"lazy\" decoding=\"async\" class=\"alignnone size-thumbnail wp-image-1329\" alt=\"v_dior5\" src=\"http:\/\/www.bycoconuts.fr\/wp-content\/uploads\/2013\/03\/v_dior5-237x450.jpg\" width=\"237\" height=\"450\" srcset=\"http:\/\/www.bycoconuts.fr\/wp-content\/uploads\/2013\/03\/v_dior5-237x450.jpg 237w, http:\/\/www.bycoconuts.fr\/wp-content\/uploads\/2013\/03\/v_dior5-316x600.jpg 316w, http:\/\/www.bycoconuts.fr\/wp-content\/uploads\/2013\/03\/v_dior5-79x150.jpg 79w, http:\/\/www.bycoconuts.fr\/wp-content\/uploads\/2013\/03\/v_dior5.jpg 334w\" sizes=\"auto, (max-width: 237px) 100vw, 237px\" \/><\/a><br \/>\n<span style=\"font-size: x-small;\"><strong>Tissus\u00a0<\/strong>: Myrtille &#8211;\u00a0<strong>Doublure\u00a0<\/strong>: \u00a0Vide-grenier &#8211;\u00a0<strong>Boutons\u00a0<\/strong>: R\u00e9cup \u00a0&#8211;\u00a0<strong>Patron\u00a0<\/strong>:\u00a0Burda Classic \u00a0HS 41H mod\u00e8le 1D<\/span><\/p>\n<p style=\"text-align: justify;\">J&#8217;aime tant cette veste <span style=\"font-size: x-small;\">(et pas seulement pour son prix qui doit avoisiner 5 \u20acuros)<\/span>, que je suis entrain de finaliser la jupette qui en fera un tailleur parfait pour le bureau&#8230; Je reviens donc tr\u00e8s vite !<\/p>\n<p style=\"text-align: justify;\">Je vous laisse avec Daniel Darc disparu la semaine derni\u00e8re. Pour tous ceux qui ne connaissent pas, il s&#8217;agissait du chanteur de\u00a0<em>Taxi Girl &#8211; Cherchez le gar\u00e7on<\/em>. Oupsss !! Le coup de vieux&#8230; mais j&#8217;assume.<\/p>\n<p style=\"text-align: center;\"><object width=\"400\" height=\"300\" classid=\"clsid:d27cdb6e-ae6d-11cf-96b8-444553540000\" codebase=\"http:\/\/download.macromedia.com\/pub\/shockwave\/cabs\/flash\/swflash.cab#version=6,0,40,0\"><param name=\"allowFullScreen\" value=\"true\" \/><param name=\"allowscriptaccess\" value=\"always\" \/><param name=\"src\" value=\"http:\/\/www.youtube.com\/v\/FfOOlppnZG4?version=3&amp;hl=fr_FR&amp;rel=0\" \/><param name=\"allowfullscreen\" value=\"true\" \/><embed width=\"400\" height=\"300\" type=\"application\/x-shockwave-flash\" src=\"http:\/\/www.youtube.com\/v\/FfOOlppnZG4?version=3&amp;hl=fr_FR&amp;rel=0\" allowFullScreen=\"true\" allowscriptaccess=\"always\" allowfullscreen=\"true\" \/><\/object><\/p>\n<p style=\"text-align: justify;\"><img loading=\"lazy\" decoding=\"async\" alt=\"\" src=\"http:\/\/www.bycoconuts.fr\/wp-content\/uploads\/2011\/02\/signaturen.jpg\" width=\"100\" height=\"36\" \/><\/p>\n<!-- PHP 5.x -->","protected":false},"excerpt":{"rendered":"<\/p>\n<p style=\"text-align: justify;\">Dans ma garde-robe r\u00e9side un incontournable du printemps nomm\u00e9 :<\/p>\n<p style=\"text-align: center;\">La petite veste. <\/p>\n<p style=\"text-align: justify;\">J&#8217;avais tr\u00e8s envie besoin d&#8217;une veste courte pour aller aussi bien avec une jupe ou une robe qu&#8217;un vieux jeans. Je la souhaitais claire (blanche ou beige) avec un tissu plus ou moins en [&#8230;]<\/p>\n","protected":false},"author":1,"featured_media":0,"comment_status":"open","ping_status":"open","sticky":false,"template":"","format":"standard","meta":{"_s2mail":"yes","footnotes":""},"categories":[22],"tags":[12,44,43,52],"class_list":["post-1323","post","type-post","status-publish","format-standard","hentry","category-vestecapemanteau","tag-burda","tag-coton","tag-tissu-myrtille","tag-veste","odd"],"_links":{"self":[{"href":"http:\/\/www.bycoconuts.fr\/index.php?rest_route=\/wp\/v2\/posts\/1323","targetHints":{"allow":["GET"]}}],"collection":[{"href":"http:\/\/www.bycoconuts.fr\/index.php?rest_route=\/wp\/v2\/posts"}],"about":[{"href":"http:\/\/www.bycoconuts.fr\/index.php?rest_route=\/wp\/v2\/types\/post"}],"author":[{"embeddable":true,"href":"http:\/\/www.bycoconuts.fr\/index.php?rest_route=\/wp\/v2\/users\/1"}],"replies":[{"embeddable":true,"href":"http:\/\/www.bycoconuts.fr\/index.php?rest_route=%2Fwp%2Fv2%2Fcomments&post=1323"}],"version-history":[{"count":12,"href":"http:\/\/www.bycoconuts.fr\/index.php?rest_route=\/wp\/v2\/posts\/1323\/revisions"}],"predecessor-version":[{"id":1340,"href":"http:\/\/www.bycoconuts.fr\/index.php?rest_route=\/wp\/v2\/posts\/1323\/revisions\/1340"}],"wp:attachment":[{"href":"http:\/\/www.bycoconuts.fr\/index.php?rest_route=%2Fwp%2Fv2%2Fmedia&parent=1323"}],"wp:term":[{"taxonomy":"category","embeddable":true,"href":"http:\/\/www.bycoconuts.fr\/index.php?rest_route=%2Fwp%2Fv2%2Fcategories&post=1323"},{"taxonomy":"post_tag","embeddable":true,"href":"http:\/\/www.bycoconuts.fr\/index.php?rest_route=%2Fwp%2Fv2%2Ftags&post=1323"}],"curies":[{"name":"wp","href":"https:\/\/api.w.org\/{rel}","templated":true}]}}